{"id":4770,"date":"2024-08-21T04:46:50","date_gmt":"2024-08-21T03:46:50","guid":{"rendered":"https:\/\/www.cgtulcomminges.fr\/?p=4770"},"modified":"2024-08-24T04:51:33","modified_gmt":"2024-08-24T03:51:33","slug":"solidarite","status":"publish","type":"post","link":"https:\/\/www.cgtulcomminges.fr\/?p=4770","title":{"rendered":"Solidarit\u00e9"},"content":{"rendered":"\n<figure class=\"wp-block-image size-full\"><a href=\"https:\/\/www.cgtulcomminges.fr\/wp-content\/uploads\/1000006865.jpg\"><img loading=\"lazy\" decoding=\"async\" width=\"576\" height=\"585\" src=\"https:\/\/www.cgtulcomminges.fr\/wp-content\/uploads\/1000006865.jpg\" alt=\"\" class=\"wp-image-4771\" srcset=\"https:\/\/www.cgtulcomminges.fr\/wp-content\/uploads\/1000006865.jpg 576w, https:\/\/www.cgtulcomminges.fr\/wp-content\/uploads\/1000006865-295x300.jpg 295w\" sizes=\"auto, (max-width: 576px) 100vw, 576px\" \/><\/a><\/figure>\n\n\n\n<p class=\"has-medium-font-size\"><strong>Ce mercredi 21 Ao\u00fbt 2024: appel \u00e0 se rassembler des sections locales de CGT, FSU, Solidaires, PCF, LFI, Les \u00c9cologistes, NPA, UCL, SDT, Attac, Amnesty International, Mouvement de la Paix, LDH, UJFP et Groupe Comminges Palestine Solidarit\u00e9.<\/strong><\/p>\n\n\n\n<p class=\"has-medium-font-size\"><strong>Gaza : le g\u00e9nocide continue&#8230;Vigie de solidarit\u00e9 \u00e0 Saint-Gaudens<\/strong><\/p>\n\n\n\n<p class=\"has-medium-font-size\"><strong>Commingeois.e.s et gens de passage dans la r\u00e9gion, montrons que nous ne les oublions pas : restons mobilis\u00e9.e.s<\/strong><\/p>\n\n\n\n<p class=\"has-medium-font-size\"><strong>&#8211; Cessez-le-feu imm\u00e9diat et p\u00e9renne \u00e0 Gaza, retrait de l&rsquo;arm\u00e9e isra\u00e9lienne et ouverture imm\u00e9diate de tous les points de passage \u00e0 l&rsquo;aide humanitaire.<\/strong><\/p>\n\n\n\n<p class=\"has-medium-font-size\"><strong>&#8211; Fin de l&rsquo;occupation, de la colonisation et de la politique d&rsquo;apartheid<\/strong><\/p>\n\n\n\n<p class=\"has-medium-font-size\"><strong>&#8211; Embargo sur toutes les livraisons d&rsquo;armes, de munitions et de composants militaires \u00e0 destination d&rsquo;Isra\u00ebl. La France se doit d&rsquo;exiger un tel embargo et de cesser toute coop\u00e9ration avec l&rsquo;\u00c9tat d&rsquo;Isra\u00ebl<\/strong><\/p>\n\n\n\n<p class=\"has-medium-font-size\"><strong>&#8211; Soutien mat\u00e9riel et politique \u00e0 l&rsquo;UNWRA, soumis \u00e0 des attaques honteuses d&rsquo;Isra\u00ebl alors qu&rsquo;elle joue un r\u00f4le irrempla\u00e7able aupr\u00e8s des r\u00e9fugi\u00e9s palestiniens et de toute la population de Gaza<\/strong><\/p>\n\n\n\n<p class=\"has-medium-font-size\"><strong>&#8211; Sanctions diplomatiques contre l&rsquo;\u00c9tat d&rsquo;Isra\u00ebl<\/strong><\/p>\n\n\n\n<p class=\"has-medium-font-size\"><strong>&#8211; Suspension de l&rsquo;accord d&rsquo;association entre l&rsquo;Union europ\u00e9enne et Isra\u00ebl.<\/strong><\/p>\n","protected":false},"excerpt":{"rendered":"<p>Ce mercredi 21 Ao\u00fbt 2024: appel \u00e0 se rassembler des sections locales de CGT, FSU, Solidaires, PCF, LFI, Les \u00c9cologistes, NPA, UCL, SDT, Attac, Amnesty International, Mouvement de la Paix, LDH, UJFP et Groupe Comminges Palestine Solidarit\u00e9. Gaza : le &hellip; <a href=\"https:\/\/www.cgtulcomminges.fr\/?p=4770\">Continuer la lecture <span class=\"meta-nav\">&rarr;<\/span><\/a><\/p>\n","protected":false},"author":7,"featured_media":0,"comment_status":"open","ping_status":"open","sticky":false,"template":"","format":"standard","meta":{"_jetpack_memberships_contains_paid_content":false,"footnotes":""},"categories":[1],"tags":[],"class_list":["post-4770","post","type-post","status-publish","format-standard","hentry","category-actu"],"jetpack_featured_media_url":"","jetpack_sharing_enabled":true,"_links":{"self":[{"href":"https:\/\/www.cgtulcomminges.fr\/index.php?rest_route=\/wp\/v2\/posts\/4770","targetHints":{"allow":["GET"]}}],"collection":[{"href":"https:\/\/www.cgtulcomminges.fr\/index.php?rest_route=\/wp\/v2\/posts"}],"about":[{"href":"https:\/\/www.cgtulcomminges.fr\/index.php?rest_route=\/wp\/v2\/types\/post"}],"author":[{"embeddable":true,"href":"https:\/\/www.cgtulcomminges.fr\/index.php?rest_route=\/wp\/v2\/users\/7"}],"replies":[{"embeddable":true,"href":"https:\/\/www.cgtulcomminges.fr\/index.php?rest_route=%2Fwp%2Fv2%2Fcomments&post=4770"}],"version-history":[{"count":1,"href":"https:\/\/www.cgtulcomminges.fr\/index.php?rest_route=\/wp\/v2\/posts\/4770\/revisions"}],"predecessor-version":[{"id":4772,"href":"https:\/\/www.cgtulcomminges.fr\/index.php?rest_route=\/wp\/v2\/posts\/4770\/revisions\/4772"}],"wp:attachment":[{"href":"https:\/\/www.cgtulcomminges.fr\/index.php?rest_route=%2Fwp%2Fv2%2Fmedia&parent=4770"}],"wp:term":[{"taxonomy":"category","embeddable":true,"href":"https:\/\/www.cgtulcomminges.fr\/index.php?rest_route=%2Fwp%2Fv2%2Fcategories&post=4770"},{"taxonomy":"post_tag","embeddable":true,"href":"https:\/\/www.cgtulcomminges.fr\/index.php?rest_route=%2Fwp%2Fv2%2Ftags&post=4770"}],"curies":[{"name":"wp","href":"https:\/\/api.w.org\/{rel}","templated":true}]}}